{"id":105,"date":"2018-08-02T08:13:17","date_gmt":"2018-08-02T08:13:17","guid":{"rendered":"http:\/\/themes.themegoods.com\/architecturer\/demo\/?p=105"},"modified":"2022-12-21T16:18:26","modified_gmt":"2022-12-21T16:18:26","slug":"parque-nacional-da-peneda-geres","status":"publish","type":"post","link":"https:\/\/heritage-pt.com\/fr\/parque-nacional-da-peneda-geres\/","title":{"rendered":"Parque Nacional da Peneda-Ger\u00eas"},"content":{"rendered":"<div data-elementor-type=\"wp-post\" data-elementor-id=\"105\" class=\"elementor elementor-105\">\n\t\t\t\t\t\t\t\t\t<section class=\"elementor-section elementor-top-section elementor-element elementor-element-00010a7 elementor-section-boxed elementor-section-height-default elementor-section-height-default\" data-id=\"00010a7\" data-element_type=\"section\" data-settings=\"{&quot;architecturer_ext_is_background_parallax&quot;:&quot;false&quot;,&quot;architecturer_ext_is_background_on_scroll&quot;:&quot;false&quot;}\">\n\t\t\t\t\t\t<div class=\"elementor-container elementor-column-gap-default\">\n\t\t\t\t\t<div class=\"elementor-column elementor-col-100 elementor-top-column elementor-element elementor-element-9b74baa\" data-id=\"9b74baa\" data-element_type=\"column\" data-settings=\"{&quot;architecturer_ext_is_mobile_menu&quot;:&quot;false&quot;,&quot;architecturer_ext_is_scrollme&quot;:&quot;false&quot;,&quot;architecturer_ext_is_smoove&quot;:&quot;false&quot;,&quot;architecturer_ext_is_parallax_mouse&quot;:&quot;false&quot;,&quot;architecturer_ext_is_infinite&quot;:&quot;false&quot;,&quot;architecturer_ext_is_fadeout_animation&quot;:&quot;false&quot;}\">\n\t\t\t<div class=\"elementor-widget-wrap elementor-element-populated\">\n\t\t\t\t\t\t\t\t<div class=\"elementor-element elementor-element-2bcafd2 elementor-widget elementor-widget-text-editor\" data-id=\"2bcafd2\" data-element_type=\"widget\" data-settings=\"{&quot;architecturer_ext_is_mobile_menu&quot;:&quot;false&quot;,&quot;architecturer_ext_is_scrollme&quot;:&quot;false&quot;,&quot;architecturer_ext_is_smoove&quot;:&quot;false&quot;,&quot;architecturer_ext_is_parallax_mouse&quot;:&quot;false&quot;,&quot;architecturer_ext_is_infinite&quot;:&quot;false&quot;,&quot;architecturer_ext_is_fadeout_animation&quot;:&quot;false&quot;}\" data-widget_type=\"text-editor.default\">\n\t\t\t\t<div class=\"elementor-widget-container\">\n\t\t\t<style>\/*! elementor - v3.9.2 - 21-12-2022 *\/\n.elementor-widget-text-editor.elementor-drop-cap-view-stacked .elementor-drop-cap{background-color:#818a91;color:#fff}.elementor-widget-text-editor.elementor-drop-cap-view-framed .elementor-drop-cap{color:#818a91;border:3px solid;background-color:transparent}.elementor-widget-text-editor:not(.elementor-drop-cap-view-default) .elementor-drop-cap{margin-top:8px}.elementor-widget-text-editor:not(.elementor-drop-cap-view-default) .elementor-drop-cap-letter{width:1em;height:1em}.elementor-widget-text-editor .elementor-drop-cap{float:left;text-align:center;line-height:1;font-size:50px}.elementor-widget-text-editor .elementor-drop-cap-letter{display:inline-block}<\/style>\t\t\t\t<h1>Parque Nacional da Peneda-Ger\u00eas<\/h1><p>O Parque Nacional da Peneda-Ger\u00eas abrange territ\u00f3rio de 22 freguesias distribu\u00eddas pelos concelhos de Arcos de Valdevez, Melga\u00e7o, Montalegre, Ponte da Barca e Terras de Bouro.<\/p><p>Considerado pela <strong>UNESCO<\/strong> como <strong>Reserva Mundial da Biosfera<\/strong>, \u00e9 uma das maiores atra\u00e7\u00f5es naturais de Portugal, pela rara e impressionante beleza paisag\u00edstica e pelo valor ecol\u00f3gico e etnogr\u00e1fico e pela variedade de fauna e flora.<\/p><p><img loading=\"lazy\" decoding=\"async\" class=\"size-medium wp-image-4687 aligncenter\" src=\"https:\/\/heritage-pt.com\/wp-content\/uploads\/2022\/12\/img2-2-300x200.jpg\" alt=\"\" width=\"300\" height=\"200\" srcset=\"https:\/\/heritage-pt.com\/wp-content\/uploads\/2022\/12\/img2-2-300x200.jpg 300w, https:\/\/heritage-pt.com\/wp-content\/uploads\/2022\/12\/img2-2-1024x683.jpg 1024w, https:\/\/heritage-pt.com\/wp-content\/uploads\/2022\/12\/img2-2-768x512.jpg 768w, https:\/\/heritage-pt.com\/wp-content\/uploads\/2022\/12\/img2-2-1536x1024.jpg 1536w, https:\/\/heritage-pt.com\/wp-content\/uploads\/2022\/12\/img2-2-2048x1365.jpg 2048w, https:\/\/heritage-pt.com\/wp-content\/uploads\/2022\/12\/img2-2-700x466.jpg 700w, https:\/\/heritage-pt.com\/wp-content\/uploads\/2022\/12\/img2-2-440x293.jpg 440w\" sizes=\"auto, (max-width: 300px) 100vw, 300px\" \/><\/p><p><strong>CAVALOS SELVAGENS | GER\u00caS<\/strong> &#8211; Homem e natureza complementam-se no Ger\u00eas como em poucos lugares no mundo. \u00c9 natural andar a passear e encontrar bandos de cavalos selvagens\u2026<\/p><p><img loading=\"lazy\" decoding=\"async\" class=\"size-medium wp-image-4688 aligncenter\" src=\"https:\/\/heritage-pt.com\/wp-content\/uploads\/2022\/12\/img1-2-300x200.jpg\" alt=\"\" width=\"300\" height=\"200\" srcset=\"https:\/\/heritage-pt.com\/wp-content\/uploads\/2022\/12\/img1-2-300x200.jpg 300w, https:\/\/heritage-pt.com\/wp-content\/uploads\/2022\/12\/img1-2-440x294.jpg 440w, https:\/\/heritage-pt.com\/wp-content\/uploads\/2022\/12\/img1-2.jpg 643w\" sizes=\"auto, (max-width: 300px) 100vw, 300px\" \/><\/p><p><strong>ESPIGUEIRO | GER\u00caS &#8211;<\/strong> O Norte de Portugal est\u00e1 cheio de espigueiros. Trata-se de uma estrutura de pedra e madeira que tem por objetivo secar o milho grosso atrav\u00e9s das fissuras laterais e impedir a destrui\u00e7\u00e3o do mesmo por roedores.<\/p><p><img loading=\"lazy\" decoding=\"async\" class=\"size-medium wp-image-4689 aligncenter\" src=\"https:\/\/heritage-pt.com\/wp-content\/uploads\/2022\/12\/image8-300x200.jpg\" alt=\"\" width=\"300\" height=\"200\" srcset=\"https:\/\/heritage-pt.com\/wp-content\/uploads\/2022\/12\/image8-300x200.jpg 300w, https:\/\/heritage-pt.com\/wp-content\/uploads\/2022\/12\/image8-440x293.jpg 440w, https:\/\/heritage-pt.com\/wp-content\/uploads\/2022\/12\/image8.jpg 553w\" sizes=\"auto, (max-width: 300px) 100vw, 300px\" \/><\/p>\t\t\t\t\t\t<\/div>\n\t\t\t\t<\/div>\n\t\t\t\t\t<\/div>\n\t\t<\/div>\n\t\t\t\t\t\t\t<\/div>\n\t\t<\/section>\n\t\t\t\t\t\t\t<\/div>","protected":false},"excerpt":{"rendered":"<p>Parque Nacional da Peneda-Ger\u00eas O Parque Nacional da Peneda-Ger\u00eas abrange territ\u00f3rio de 22 freguesias distribu\u00eddas pelos concelhos de Arcos de Valdevez, Melga\u00e7o, Montalegre, Ponte da Barca e Terras de Bouro. Considerado pela UNESCO como Reserva Mundial da Biosfera, \u00e9 uma [&hellip;]<\/p>","protected":false},"author":1,"featured_media":4143,"comment_status":"closed","ping_status":"closed","sticky":false,"template":"","format":"standard","meta":{"footnotes":""},"categories":[1],"tags":[],"class_list":["post-105","post","type-post","status-publish","format-standard","has-post-thumbnail","hentry","category-uncategorized"],"yoast_head":"<!-- This site is optimized with the Yoast SEO plugin v19.13 - https:\/\/yoast.com\/wordpress\/plugins\/seo\/ -->\n<title>Parque Nacional da Peneda-Ger\u00eas - Heritage<\/title>\n<meta name=\"robots\" content=\"index, follow, max-snippet:-1, max-image-preview:large, max-video-preview:-1\" \/>\n<link rel=\"canonical\" href=\"https:\/\/heritage-pt.com\/fr\/parque-nacional-da-peneda-geres\/\" \/>\n<meta property=\"og:locale\" content=\"fr_FR\" \/>\n<meta property=\"og:type\" content=\"article\" \/>\n<meta property=\"og:title\" content=\"Parque Nacional da Peneda-Ger\u00eas - Heritage\" \/>\n<meta property=\"og:description\" content=\"Parque Nacional da Peneda-Ger\u00eas O Parque Nacional da Peneda-Ger\u00eas abrange territ\u00f3rio de 22 freguesias distribu\u00eddas pelos concelhos de Arcos de Valdevez, Melga\u00e7o, Montalegre, Ponte da Barca e Terras de Bouro. Considerado pela UNESCO como Reserva Mundial da Biosfera, \u00e9 uma [&hellip;]\" \/>\n<meta property=\"og:url\" content=\"https:\/\/heritage-pt.com\/fr\/parque-nacional-da-peneda-geres\/\" \/>\n<meta property=\"og:site_name\" content=\"Heritage\" \/>\n<meta property=\"article:published_time\" content=\"2018-08-02T08:13:17+00:00\" \/>\n<meta property=\"article:modified_time\" content=\"2022-12-21T16:18:26+00:00\" \/>\n<meta property=\"og:image\" content=\"https:\/\/heritage-pt.com\/wp-content\/uploads\/2018\/08\/her-destaque9.jpg\" \/>\n\t<meta property=\"og:image:width\" content=\"1440\" \/>\n\t<meta property=\"og:image:height\" content=\"960\" \/>\n\t<meta property=\"og:image:type\" content=\"image\/jpeg\" \/>\n<meta name=\"author\" content=\"Heritagept\" \/>\n<meta name=\"twitter:card\" content=\"summary_large_image\" \/>\n<meta name=\"twitter:label1\" content=\"\u00c9crit par\" \/>\n\t<meta name=\"twitter:data1\" content=\"Heritagept\" \/>\n\t<meta name=\"twitter:label2\" content=\"Dur\u00e9e de lecture estim\u00e9e\" \/>\n\t<meta name=\"twitter:data2\" content=\"1 minute\" \/>\n<script type=\"application\/ld+json\" class=\"yoast-schema-graph\">{\"@context\":\"https:\/\/schema.org\",\"@graph\":[{\"@type\":\"Article\",\"@id\":\"https:\/\/heritage-pt.com\/parque-nacional-da-peneda-geres\/#article\",\"isPartOf\":{\"@id\":\"https:\/\/heritage-pt.com\/parque-nacional-da-peneda-geres\/\"},\"author\":{\"name\":\"Heritagept\",\"@id\":\"https:\/\/heritage-pt.com\/#\/schema\/person\/6a089141ce2c017e76bd05d0dac29ddb\"},\"headline\":\"Parque Nacional da Peneda-Ger\u00eas\",\"datePublished\":\"2018-08-02T08:13:17+00:00\",\"dateModified\":\"2022-12-21T16:18:26+00:00\",\"mainEntityOfPage\":{\"@id\":\"https:\/\/heritage-pt.com\/parque-nacional-da-peneda-geres\/\"},\"wordCount\":147,\"publisher\":{\"@id\":\"https:\/\/heritage-pt.com\/#organization\"},\"articleSection\":[\"Uncategorized\"],\"inLanguage\":\"fr-FR\"},{\"@type\":\"WebPage\",\"@id\":\"https:\/\/heritage-pt.com\/parque-nacional-da-peneda-geres\/\",\"url\":\"https:\/\/heritage-pt.com\/parque-nacional-da-peneda-geres\/\",\"name\":\"Parque Nacional da Peneda-Ger\u00eas - Heritage\",\"isPartOf\":{\"@id\":\"https:\/\/heritage-pt.com\/#website\"},\"datePublished\":\"2018-08-02T08:13:17+00:00\",\"dateModified\":\"2022-12-21T16:18:26+00:00\",\"breadcrumb\":{\"@id\":\"https:\/\/heritage-pt.com\/parque-nacional-da-peneda-geres\/#breadcrumb\"},\"inLanguage\":\"fr-FR\",\"potentialAction\":[{\"@type\":\"ReadAction\",\"target\":[\"https:\/\/heritage-pt.com\/parque-nacional-da-peneda-geres\/\"]}]},{\"@type\":\"BreadcrumbList\",\"@id\":\"https:\/\/heritage-pt.com\/parque-nacional-da-peneda-geres\/#breadcrumb\",\"itemListElement\":[{\"@type\":\"ListItem\",\"position\":1,\"name\":\"Home\",\"item\":\"https:\/\/heritage-pt.com\/\"},{\"@type\":\"ListItem\",\"position\":2,\"name\":\"Parque Nacional da Peneda-Ger\u00eas\"}]},{\"@type\":\"WebSite\",\"@id\":\"https:\/\/heritage-pt.com\/#website\",\"url\":\"https:\/\/heritage-pt.com\/\",\"name\":\"Heritage\",\"description\":\"\",\"publisher\":{\"@id\":\"https:\/\/heritage-pt.com\/#organization\"},\"potentialAction\":[{\"@type\":\"SearchAction\",\"target\":{\"@type\":\"EntryPoint\",\"urlTemplate\":\"https:\/\/heritage-pt.com\/?s={search_term_string}\"},\"query-input\":\"required name=search_term_string\"}],\"inLanguage\":\"fr-FR\"},{\"@type\":\"Organization\",\"@id\":\"https:\/\/heritage-pt.com\/#organization\",\"name\":\"Heritage\",\"url\":\"https:\/\/heritage-pt.com\/\",\"logo\":{\"@type\":\"ImageObject\",\"inLanguage\":\"fr-FR\",\"@id\":\"https:\/\/heritage-pt.com\/#\/schema\/logo\/image\/\",\"url\":\"https:\/\/heritage-pt.com\/wp-content\/uploads\/2022\/12\/logo@2x-1-1.png\",\"contentUrl\":\"https:\/\/heritage-pt.com\/wp-content\/uploads\/2022\/12\/logo@2x-1-1.png\",\"width\":346,\"height\":74,\"caption\":\"Heritage\"},\"image\":{\"@id\":\"https:\/\/heritage-pt.com\/#\/schema\/logo\/image\/\"}},{\"@type\":\"Person\",\"@id\":\"https:\/\/heritage-pt.com\/#\/schema\/person\/6a089141ce2c017e76bd05d0dac29ddb\",\"name\":\"Heritagept\",\"sameAs\":[\"http:\/\/heritage-pt.com\"],\"url\":\"https:\/\/heritage-pt.com\/fr\/author\/heritagept\/\"}]}<\/script>\n<!-- \/ Yoast SEO plugin. -->","yoast_head_json":{"title":"Parque Nacional da Peneda-Ger\u00eas - Heritage","robots":{"index":"index","follow":"follow","max-snippet":"max-snippet:-1","max-image-preview":"max-image-preview:large","max-video-preview":"max-video-preview:-1"},"canonical":"https:\/\/heritage-pt.com\/fr\/parque-nacional-da-peneda-geres\/","og_locale":"fr_FR","og_type":"article","og_title":"Parque Nacional da Peneda-Ger\u00eas - Heritage","og_description":"Parque Nacional da Peneda-Ger\u00eas O Parque Nacional da Peneda-Ger\u00eas abrange territ\u00f3rio de 22 freguesias distribu\u00eddas pelos concelhos de Arcos de Valdevez, Melga\u00e7o, Montalegre, Ponte da Barca e Terras de Bouro. Considerado pela UNESCO como Reserva Mundial da Biosfera, \u00e9 uma [&hellip;]","og_url":"https:\/\/heritage-pt.com\/fr\/parque-nacional-da-peneda-geres\/","og_site_name":"Heritage","article_published_time":"2018-08-02T08:13:17+00:00","article_modified_time":"2022-12-21T16:18:26+00:00","og_image":[{"width":1440,"height":960,"url":"https:\/\/heritage-pt.com\/wp-content\/uploads\/2018\/08\/her-destaque9.jpg","type":"image\/jpeg"}],"author":"Heritagept","twitter_card":"summary_large_image","twitter_misc":{"\u00c9crit par":"Heritagept","Dur\u00e9e de lecture estim\u00e9e":"1 minute"},"schema":{"@context":"https:\/\/schema.org","@graph":[{"@type":"Article","@id":"https:\/\/heritage-pt.com\/parque-nacional-da-peneda-geres\/#article","isPartOf":{"@id":"https:\/\/heritage-pt.com\/parque-nacional-da-peneda-geres\/"},"author":{"name":"Heritagept","@id":"https:\/\/heritage-pt.com\/#\/schema\/person\/6a089141ce2c017e76bd05d0dac29ddb"},"headline":"Parque Nacional da Peneda-Ger\u00eas","datePublished":"2018-08-02T08:13:17+00:00","dateModified":"2022-12-21T16:18:26+00:00","mainEntityOfPage":{"@id":"https:\/\/heritage-pt.com\/parque-nacional-da-peneda-geres\/"},"wordCount":147,"publisher":{"@id":"https:\/\/heritage-pt.com\/#organization"},"articleSection":["Uncategorized"],"inLanguage":"fr-FR"},{"@type":"WebPage","@id":"https:\/\/heritage-pt.com\/parque-nacional-da-peneda-geres\/","url":"https:\/\/heritage-pt.com\/parque-nacional-da-peneda-geres\/","name":"Parque Nacional da Peneda-Ger\u00eas - Heritage","isPartOf":{"@id":"https:\/\/heritage-pt.com\/#website"},"datePublished":"2018-08-02T08:13:17+00:00","dateModified":"2022-12-21T16:18:26+00:00","breadcrumb":{"@id":"https:\/\/heritage-pt.com\/parque-nacional-da-peneda-geres\/#breadcrumb"},"inLanguage":"fr-FR","potentialAction":[{"@type":"ReadAction","target":["https:\/\/heritage-pt.com\/parque-nacional-da-peneda-geres\/"]}]},{"@type":"BreadcrumbList","@id":"https:\/\/heritage-pt.com\/parque-nacional-da-peneda-geres\/#breadcrumb","itemListElement":[{"@type":"ListItem","position":1,"name":"Home","item":"https:\/\/heritage-pt.com\/"},{"@type":"ListItem","position":2,"name":"Parque Nacional da Peneda-Ger\u00eas"}]},{"@type":"WebSite","@id":"https:\/\/heritage-pt.com\/#website","url":"https:\/\/heritage-pt.com\/","name":"Heritage","description":"","publisher":{"@id":"https:\/\/heritage-pt.com\/#organization"},"potentialAction":[{"@type":"SearchAction","target":{"@type":"EntryPoint","urlTemplate":"https:\/\/heritage-pt.com\/?s={search_term_string}"},"query-input":"required name=search_term_string"}],"inLanguage":"fr-FR"},{"@type":"Organization","@id":"https:\/\/heritage-pt.com\/#organization","name":"Heritage","url":"https:\/\/heritage-pt.com\/","logo":{"@type":"ImageObject","inLanguage":"fr-FR","@id":"https:\/\/heritage-pt.com\/#\/schema\/logo\/image\/","url":"https:\/\/heritage-pt.com\/wp-content\/uploads\/2022\/12\/logo@2x-1-1.png","contentUrl":"https:\/\/heritage-pt.com\/wp-content\/uploads\/2022\/12\/logo@2x-1-1.png","width":346,"height":74,"caption":"Heritage"},"image":{"@id":"https:\/\/heritage-pt.com\/#\/schema\/logo\/image\/"}},{"@type":"Person","@id":"https:\/\/heritage-pt.com\/#\/schema\/person\/6a089141ce2c017e76bd05d0dac29ddb","name":"Heritagept","sameAs":["http:\/\/heritage-pt.com"],"url":"https:\/\/heritage-pt.com\/fr\/author\/heritagept\/"}]}},"_links":{"self":[{"href":"https:\/\/heritage-pt.com\/fr\/wp-json\/wp\/v2\/posts\/105","targetHints":{"allow":["GET"]}}],"collection":[{"href":"https:\/\/heritage-pt.com\/fr\/wp-json\/wp\/v2\/posts"}],"about":[{"href":"https:\/\/heritage-pt.com\/fr\/wp-json\/wp\/v2\/types\/post"}],"author":[{"embeddable":true,"href":"https:\/\/heritage-pt.com\/fr\/wp-json\/wp\/v2\/users\/1"}],"replies":[{"embeddable":true,"href":"https:\/\/heritage-pt.com\/fr\/wp-json\/wp\/v2\/comments?post=105"}],"version-history":[{"count":9,"href":"https:\/\/heritage-pt.com\/fr\/wp-json\/wp\/v2\/posts\/105\/revisions"}],"predecessor-version":[{"id":4692,"href":"https:\/\/heritage-pt.com\/fr\/wp-json\/wp\/v2\/posts\/105\/revisions\/4692"}],"wp:featuredmedia":[{"embeddable":true,"href":"https:\/\/heritage-pt.com\/fr\/wp-json\/wp\/v2\/media\/4143"}],"wp:attachment":[{"href":"https:\/\/heritage-pt.com\/fr\/wp-json\/wp\/v2\/media?parent=105"}],"wp:term":[{"taxonomy":"category","embeddable":true,"href":"https:\/\/heritage-pt.com\/fr\/wp-json\/wp\/v2\/categories?post=105"},{"taxonomy":"post_tag","embeddable":true,"href":"https:\/\/heritage-pt.com\/fr\/wp-json\/wp\/v2\/tags?post=105"}],"curies":[{"name":"wp","href":"https:\/\/api.w.org\/{rel}","templated":true}]}}